{"id":2563,"date":"2026-04-27T08:45:00","date_gmt":"2026-04-27T06:45:00","guid":{"rendered":"https:\/\/turismosostible.lugo.gal\/?p=2563"},"modified":"2026-04-24T14:30:34","modified_gmt":"2026-04-24T12:30:34","slug":"ruta-polos-templos-historicos-de-lugo","status":"publish","type":"post","link":"https:\/\/turismosostible.lugo.gal\/es\/ruta-polos-templos-historicos-de-lugo\/","title":{"rendered":"Ruta por los templos hist\u00f3ricos de Lugo"},"content":{"rendered":"<p>Si buscas una experiencia cultural y espiritual completa, la ruta por los templos hist\u00f3ricos de Lugo permite sumergirse en la historia de la ciudad desde la \u00e9poca romana hasta el presente. Este itinerario recorre los principales espacios religiosos, ofreciendo una visi\u00f3n profunda del legado romano y cristiano.<\/p>\n\n\n\n<figure class=\"wp-block-video\"><video height=\"1080\" style=\"aspect-ratio: 1920 \/ 1080;\" width=\"1920\" autoplay controls muted src=\"https:\/\/turismosostible.lugo.gal\/wp-content\/uploads\/2026\/04\/1.-Espiritualidad_CAS.mp4\" playsinline><\/video><\/figure>\n\n\n\n<p><\/p>\n\n\n\n<h2 class=\"wp-block-heading\"><strong><strong><strong><strong>Inicio: Domus do Mitreo<\/strong><\/strong><\/strong><\/strong><\/h2>\n\n\n\n<p>La ruta comienza en el Vicerrectorado de Lugo, donde se encuentran los restos de la Domus do Mitreo, un templo dedicado al dios Mitra datado en el siglo III d.C. Este espacio combina arquitectura dom\u00e9stica romana con elementos religiosos, incluyendo mosaicos, pinturas murales y el ara de granito consagrada a Mitra por Gaio Victorio Victorino. Visitar este lugar permite comprender la vida y la espiritualidad en Lucus Augusti antes de la llegada del cristianismo.<\/p>\n\n\n\n<figure data-wp-context=\"{&quot;imageId&quot;:&quot;69f2c9eab2d59&quot;}\" data-wp-interactive=\"core\/image\" data-wp-key=\"69f2c9eab2d59\" class=\"wp-block-image size-large wp-lightbox-container\"><img fetchpriority=\"high\" decoding=\"async\" width=\"1024\" height=\"1024\" data-wp-class--hide=\"state.isContentHidden\" data-wp-class--show=\"state.isContentVisible\" data-wp-init=\"callbacks.setButtonStyles\" data-wp-on--click=\"actions.showLightbox\" data-wp-on--load=\"callbacks.setButtonStyles\" data-wp-on-window--resize=\"callbacks.setButtonStyles\" src=\"https:\/\/turismosostible.lugo.gal\/wp-content\/uploads\/2026\/02\/lugo_311-1-1024x1024.jpg\" alt=\"\" class=\"wp-image-2229\" srcset=\"https:\/\/turismosostible.lugo.gal\/wp-content\/uploads\/2026\/02\/lugo_311-1-1024x1024.jpg 1024w, https:\/\/turismosostible.lugo.gal\/wp-content\/uploads\/2026\/02\/lugo_311-1-300x300.jpg 300w, https:\/\/turismosostible.lugo.gal\/wp-content\/uploads\/2026\/02\/lugo_311-1-150x150.jpg 150w, https:\/\/turismosostible.lugo.gal\/wp-content\/uploads\/2026\/02\/lugo_311-1-768x768.jpg 768w, https:\/\/turismosostible.lugo.gal\/wp-content\/uploads\/2026\/02\/lugo_311-1-50x50.jpg 50w, https:\/\/turismosostible.lugo.gal\/wp-content\/uploads\/2026\/02\/lugo_311-1-268x268.jpg 268w, https:\/\/turismosostible.lugo.gal\/wp-content\/uploads\/2026\/02\/lugo_311-1-80x80.jpg 80w, https:\/\/turismosostible.lugo.gal\/wp-content\/uploads\/2026\/02\/lugo_311-1.jpg 1080w\" sizes=\"(max-width: 1024px) 100vw, 1024px\" \/><button\n\t\t\tclass=\"lightbox-trigger\"\n\t\t\ttype=\"button\"\n\t\t\taria-haspopup=\"dialog\"\n\t\t\taria-label=\"Agrandar\"\n\t\t\tdata-wp-init=\"callbacks.initTriggerButton\"\n\t\t\tdata-wp-on--click=\"actions.showLightbox\"\n\t\t\tdata-wp-style--right=\"state.imageButtonRight\"\n\t\t\tdata-wp-style--top=\"state.imageButtonTop\"\n\t\t>\n\t\t\t<svg xmlns=\"http:\/\/www.w3.org\/2000\/svg\" width=\"12\" height=\"12\" fill=\"none\" viewbox=\"0 0 12 12\">\n\t\t\t\t<path fill=\"#fff\" d=\"M2 0a2 2 0 0 0-2 2v2h1.5V2a.5.5 0 0 1 .5-.5h2V0H2Zm2 10.5H2a.5.5 0 0 1-.5-.5V8H0v2a2 2 0 0 0 2 2h2v-1.5ZM8 12v-1.5h2a.5.5 0 0 0 .5-.5V8H12v2a2 2 0 0 1-2 2H8Zm2-12a2 2 0 0 1 2 2v2h-1.5V2a.5.5 0 0 0-.5-.5H8V0h2Z\" \/>\n\t\t\t<\/svg>\n\t\t<\/button><\/figure>\n\n\n\n<h2 class=\"wp-block-heading\"><strong><strong><br><strong><strong>Continuaci\u00f3n por el casco hist\u00f3rico<\/strong><\/strong><\/strong><\/strong><\/h2>\n\n\n\n<p>Desde la Domus do Mitreo, el recorrido contin\u00faa por las calles del casco hist\u00f3rico, haciendo paradas en peque\u00f1as iglesias y capillas que reflejan distintas \u00e9pocas: rom\u00e1nica, g\u00f3tica y barroca. Entre las visitas destacadas:<\/p>\n\n\n\n<ul class=\"wp-block-list\">\n<li>Iglesia de San Froil\u00e1n, patr\u00f3n de Lugo, con una historia ligada a la devoci\u00f3n local.<\/li>\n\n\n\n<li>Capilla de la Virgen del Camino, con una fuerte tradici\u00f3n espiritual para los peregrinos.<\/li>\n<\/ul>\n\n\n\n<figure data-wp-context=\"{&quot;imageId&quot;:&quot;69f2c9eab30ea&quot;}\" data-wp-interactive=\"core\/image\" data-wp-key=\"69f2c9eab30ea\" class=\"wp-block-image size-large wp-lightbox-container\"><img decoding=\"async\" width=\"1024\" height=\"1024\" data-wp-class--hide=\"state.isContentHidden\" data-wp-class--show=\"state.isContentVisible\" data-wp-init=\"callbacks.setButtonStyles\" data-wp-on--click=\"actions.showLightbox\" data-wp-on--load=\"callbacks.setButtonStyles\" data-wp-on-window--resize=\"callbacks.setButtonStyles\" src=\"https:\/\/turismosostible.lugo.gal\/wp-content\/uploads\/2026\/02\/lugo_381-1-1024x1024.jpg\" alt=\"\" class=\"wp-image-2212\" srcset=\"https:\/\/turismosostible.lugo.gal\/wp-content\/uploads\/2026\/02\/lugo_381-1-1024x1024.jpg 1024w, https:\/\/turismosostible.lugo.gal\/wp-content\/uploads\/2026\/02\/lugo_381-1-300x300.jpg 300w, https:\/\/turismosostible.lugo.gal\/wp-content\/uploads\/2026\/02\/lugo_381-1-150x150.jpg 150w, https:\/\/turismosostible.lugo.gal\/wp-content\/uploads\/2026\/02\/lugo_381-1-768x768.jpg 768w, https:\/\/turismosostible.lugo.gal\/wp-content\/uploads\/2026\/02\/lugo_381-1-1536x1536.jpg 1536w, https:\/\/turismosostible.lugo.gal\/wp-content\/uploads\/2026\/02\/lugo_381-1-2048x2048.jpg 2048w, https:\/\/turismosostible.lugo.gal\/wp-content\/uploads\/2026\/02\/lugo_381-1-50x50.jpg 50w, https:\/\/turismosostible.lugo.gal\/wp-content\/uploads\/2026\/02\/lugo_381-1-268x268.jpg 268w, https:\/\/turismosostible.lugo.gal\/wp-content\/uploads\/2026\/02\/lugo_381-1-1120x1120.jpg 1120w, https:\/\/turismosostible.lugo.gal\/wp-content\/uploads\/2026\/02\/lugo_381-1-80x80.jpg 80w\" sizes=\"(max-width: 1024px) 100vw, 1024px\" \/><button\n\t\t\tclass=\"lightbox-trigger\"\n\t\t\ttype=\"button\"\n\t\t\taria-haspopup=\"dialog\"\n\t\t\taria-label=\"Agrandar\"\n\t\t\tdata-wp-init=\"callbacks.initTriggerButton\"\n\t\t\tdata-wp-on--click=\"actions.showLightbox\"\n\t\t\tdata-wp-style--right=\"state.imageButtonRight\"\n\t\t\tdata-wp-style--top=\"state.imageButtonTop\"\n\t\t>\n\t\t\t<svg xmlns=\"http:\/\/www.w3.org\/2000\/svg\" width=\"12\" height=\"12\" fill=\"none\" viewbox=\"0 0 12 12\">\n\t\t\t\t<path fill=\"#fff\" d=\"M2 0a2 2 0 0 0-2 2v2h1.5V2a.5.5 0 0 1 .5-.5h2V0H2Zm2 10.5H2a.5.5 0 0 1-.5-.5V8H0v2a2 2 0 0 0 2 2h2v-1.5ZM8 12v-1.5h2a.5.5 0 0 0 .5-.5V8H12v2a2 2 0 0 1-2 2H8Zm2-12a2 2 0 0 1 2 2v2h-1.5V2a.5.5 0 0 0-.5-.5H8V0h2Z\" \/>\n\t\t\t<\/svg>\n\t\t<\/button><\/figure>\n\n\n\n<h2 class=\"wp-block-heading\"><strong><strong><br><strong><br><strong>Final: Catedral de Lugo<\/strong><\/strong><\/strong><\/strong><\/h2>\n\n\n\n<p>La ruta finaliza en la imponente Catedral de Santa Mar\u00eda, un referente del rom\u00e1nico gallego con incorporaciones g\u00f3ticas y barrocas. Destaca por su exposici\u00f3n permanente del Sant\u00edsimo Sacramento, una tradici\u00f3n \u00fanica en el \u00e1mbito catedralicio que convierte la catedral en un lugar de culto y cultura.<\/p>\n\n\n\n<p>Adem\u00e1s, la catedral alberga el Museo Diocesano y Catedralicio de Lugo, donde se exhiben valiosas piezas de orfebrer\u00eda, relicarios, libros antiguos y ornamentos lit\u00fargicos, permitiendo a los visitantes conocer en detalle la historia del templo y la riqueza art\u00edstica vinculada a la devoci\u00f3n a lo largo de los siglos. Este museo complementa la visita, transformando la Catedral en una experiencia completa de arte, historia y espiritualidad.<\/p>\n\n\n\n<figure data-wp-context=\"{&quot;imageId&quot;:&quot;69f2c9eab33b1&quot;}\" data-wp-interactive=\"core\/image\" data-wp-key=\"69f2c9eab33b1\" class=\"wp-block-image size-large wp-lightbox-container\"><img decoding=\"async\" width=\"1024\" height=\"765\" data-wp-class--hide=\"state.isContentHidden\" data-wp-class--show=\"state.isContentVisible\" data-wp-init=\"callbacks.setButtonStyles\" data-wp-on--click=\"actions.showLightbox\" data-wp-on--load=\"callbacks.setButtonStyles\" data-wp-on-window--resize=\"callbacks.setButtonStyles\" src=\"https:\/\/turismosostible.lugo.gal\/wp-content\/uploads\/2026\/02\/lugo_805-2-1024x765.jpg\" alt=\"\" class=\"wp-image-2275\" srcset=\"https:\/\/turismosostible.lugo.gal\/wp-content\/uploads\/2026\/02\/lugo_805-2-1024x765.jpg 1024w, https:\/\/turismosostible.lugo.gal\/wp-content\/uploads\/2026\/02\/lugo_805-2-300x224.jpg 300w, https:\/\/turismosostible.lugo.gal\/wp-content\/uploads\/2026\/02\/lugo_805-2-768x573.jpg 768w, https:\/\/turismosostible.lugo.gal\/wp-content\/uploads\/2026\/02\/lugo_805-2-1536x1147.jpg 1536w, https:\/\/turismosostible.lugo.gal\/wp-content\/uploads\/2026\/02\/lugo_805-2-2048x1529.jpg 2048w, https:\/\/turismosostible.lugo.gal\/wp-content\/uploads\/2026\/02\/lugo_805-2-359x268.jpg 359w, https:\/\/turismosostible.lugo.gal\/wp-content\/uploads\/2026\/02\/lugo_805-2-1120x836.jpg 1120w\" sizes=\"(max-width: 1024px) 100vw, 1024px\" \/><button\n\t\t\tclass=\"lightbox-trigger\"\n\t\t\ttype=\"button\"\n\t\t\taria-haspopup=\"dialog\"\n\t\t\taria-label=\"Agrandar\"\n\t\t\tdata-wp-init=\"callbacks.initTriggerButton\"\n\t\t\tdata-wp-on--click=\"actions.showLightbox\"\n\t\t\tdata-wp-style--right=\"state.imageButtonRight\"\n\t\t\tdata-wp-style--top=\"state.imageButtonTop\"\n\t\t>\n\t\t\t<svg xmlns=\"http:\/\/www.w3.org\/2000\/svg\" width=\"12\" height=\"12\" fill=\"none\" viewbox=\"0 0 12 12\">\n\t\t\t\t<path fill=\"#fff\" d=\"M2 0a2 2 0 0 0-2 2v2h1.5V2a.5.5 0 0 1 .5-.5h2V0H2Zm2 10.5H2a.5.5 0 0 1-.5-.5V8H0v2a2 2 0 0 0 2 2h2v-1.5ZM8 12v-1.5h2a.5.5 0 0 0 .5-.5V8H12v2a2 2 0 0 1-2 2H8Zm2-12a2 2 0 0 1 2 2v2h-1.5V2a.5.5 0 0 0-.5-.5H8V0h2Z\" \/>\n\t\t\t<\/svg>\n\t\t<\/button><\/figure>\n\n\n\n<p><\/p>\n\n\n\n<div class=\"wp-block-buttons is-layout-flex wp-block-buttons-is-layout-flex\">\n<div class=\"wp-block-button\"><a class=\"wp-block-button__link wp-element-button\" href=\"\/es\/un-paseo-pola-historia-sagrada-de-lugo\/\">Un paseo por la Historia Sagrada de Lugo<\/a><\/div>\n<\/div>\n\n\n\n<p><\/p>","protected":false},"excerpt":{"rendered":"<p>Se buscas unha experiencia cultural e espiritual completa, a ruta polos templos hist\u00f3ricos de Lugo permite mergullarse na historia da cidade desde a \u00e9poca [&hellip;]<\/p>\n","protected":false},"author":1,"featured_media":2207,"comment_status":"closed","ping_status":"open","sticky":false,"template":"","format":"standard","meta":{"_acf_changed":false,"footnotes":""},"categories":[53],"tags":[56,55,57,58,54],"class_list":["post-2563","post","type-post","status-publish","format-standard","has-post-thumbnail","hentry","category-espiritualidade","tag-camino-primitivo-lugo","tag-peregrinacion-santiago-lugo","tag-que-ver-no-camino-primitivo","tag-rutas-santiago-lugo","tag-turismo-relixioso-galicia"],"acf":{"full_width":false,"header_transparent":false},"_links":{"self":[{"href":"https:\/\/turismosostible.lugo.gal\/es\/wp-json\/wp\/v2\/posts\/2563","targetHints":{"allow":["GET"]}}],"collection":[{"href":"https:\/\/turismosostible.lugo.gal\/es\/wp-json\/wp\/v2\/posts"}],"about":[{"href":"https:\/\/turismosostible.lugo.gal\/es\/wp-json\/wp\/v2\/types\/post"}],"author":[{"embeddable":true,"href":"https:\/\/turismosostible.lugo.gal\/es\/wp-json\/wp\/v2\/users\/1"}],"replies":[{"embeddable":true,"href":"https:\/\/turismosostible.lugo.gal\/es\/wp-json\/wp\/v2\/comments?post=2563"}],"version-history":[{"count":3,"href":"https:\/\/turismosostible.lugo.gal\/es\/wp-json\/wp\/v2\/posts\/2563\/revisions"}],"predecessor-version":[{"id":2567,"href":"https:\/\/turismosostible.lugo.gal\/es\/wp-json\/wp\/v2\/posts\/2563\/revisions\/2567"}],"wp:featuredmedia":[{"embeddable":true,"href":"https:\/\/turismosostible.lugo.gal\/es\/wp-json\/wp\/v2\/media\/2207"}],"wp:attachment":[{"href":"https:\/\/turismosostible.lugo.gal\/es\/wp-json\/wp\/v2\/media?parent=2563"}],"wp:term":[{"taxonomy":"category","embeddable":true,"href":"https:\/\/turismosostible.lugo.gal\/es\/wp-json\/wp\/v2\/categories?post=2563"},{"taxonomy":"post_tag","embeddable":true,"href":"https:\/\/turismosostible.lugo.gal\/es\/wp-json\/wp\/v2\/tags?post=2563"}],"curies":[{"name":"wp","href":"https:\/\/api.w.org\/{rel}","templated":true}]}}