{"id":2561,"date":"2026-04-27T08:45:00","date_gmt":"2026-04-27T06:45:00","guid":{"rendered":"https:\/\/turismosostible.lugo.gal\/?p=2561"},"modified":"2026-04-24T14:31:12","modified_gmt":"2026-04-24T12:31:12","slug":"un-paseo-pola-historia-sagrada-de-lugo","status":"publish","type":"post","link":"https:\/\/turismosostible.lugo.gal\/es\/un-paseo-pola-historia-sagrada-de-lugo\/","title":{"rendered":"Un paseo por la historia sagrada de Lugo"},"content":{"rendered":"<p>Descubrir Lugo a trav\u00e9s de su historia sagrada es una de las formas m\u00e1s completas de entender la ciudad. Este recorrido a pie permite combinar patrimonio, espiritualidad y vida urbana en un itinerario accesible y lleno de significado.<\/p>\n\n\n\n<figure class=\"wp-block-video\"><video height=\"1080\" style=\"aspect-ratio: 1920 \/ 1080;\" width=\"1920\" autoplay controls muted src=\"https:\/\/turismosostible.lugo.gal\/wp-content\/uploads\/2026\/04\/1.-Espiritualidad_CAS.mp4\" playsinline><\/video><\/figure>\n\n\n\n<h2 class=\"wp-block-heading\"><strong><strong><br><strong>Inicio: Catedral de Santa Mar\u00eda<\/strong><\/strong><\/strong><\/h2>\n\n\n\n<p>El paseo comienza en la Catedral de Santa Mar\u00eda de Lugo, el gran referente religioso de la ciudad. De origen rom\u00e1nico y con elementos g\u00f3ticos y barrocos, destaca por la exposici\u00f3n permanente del Sant\u00edsimo Sacramento, una tradici\u00f3n \u00fanica que convierte este espacio en un lugar de especial relevancia espiritual.<\/p>\n\n\n\n<figure data-wp-context=\"{&quot;imageId&quot;:&quot;69f2d91252b35&quot;}\" data-wp-interactive=\"core\/image\" data-wp-key=\"69f2d91252b35\" class=\"wp-block-image size-large wp-lightbox-container\"><img fetchpriority=\"high\" decoding=\"async\" width=\"1024\" height=\"765\" data-wp-class--hide=\"state.isContentHidden\" data-wp-class--show=\"state.isContentVisible\" data-wp-init=\"callbacks.setButtonStyles\" data-wp-on--click=\"actions.showLightbox\" data-wp-on--load=\"callbacks.setButtonStyles\" data-wp-on-window--resize=\"callbacks.setButtonStyles\" src=\"https:\/\/turismosostible.lugo.gal\/wp-content\/uploads\/2026\/02\/lugo_805-2-1024x765.jpg\" alt=\"\" class=\"wp-image-2275\" srcset=\"https:\/\/turismosostible.lugo.gal\/wp-content\/uploads\/2026\/02\/lugo_805-2-1024x765.jpg 1024w, https:\/\/turismosostible.lugo.gal\/wp-content\/uploads\/2026\/02\/lugo_805-2-300x224.jpg 300w, https:\/\/turismosostible.lugo.gal\/wp-content\/uploads\/2026\/02\/lugo_805-2-768x573.jpg 768w, https:\/\/turismosostible.lugo.gal\/wp-content\/uploads\/2026\/02\/lugo_805-2-1536x1147.jpg 1536w, https:\/\/turismosostible.lugo.gal\/wp-content\/uploads\/2026\/02\/lugo_805-2-2048x1529.jpg 2048w, https:\/\/turismosostible.lugo.gal\/wp-content\/uploads\/2026\/02\/lugo_805-2-359x268.jpg 359w, https:\/\/turismosostible.lugo.gal\/wp-content\/uploads\/2026\/02\/lugo_805-2-1120x836.jpg 1120w\" sizes=\"(max-width: 1024px) 100vw, 1024px\" \/><button\n\t\t\tclass=\"lightbox-trigger\"\n\t\t\ttype=\"button\"\n\t\t\taria-haspopup=\"dialog\"\n\t\t\taria-label=\"Agrandar\"\n\t\t\tdata-wp-init=\"callbacks.initTriggerButton\"\n\t\t\tdata-wp-on--click=\"actions.showLightbox\"\n\t\t\tdata-wp-style--right=\"state.imageButtonRight\"\n\t\t\tdata-wp-style--top=\"state.imageButtonTop\"\n\t\t>\n\t\t\t<svg xmlns=\"http:\/\/www.w3.org\/2000\/svg\" width=\"12\" height=\"12\" fill=\"none\" viewbox=\"0 0 12 12\">\n\t\t\t\t<path fill=\"#fff\" d=\"M2 0a2 2 0 0 0-2 2v2h1.5V2a.5.5 0 0 1 .5-.5h2V0H2Zm2 10.5H2a.5.5 0 0 1-.5-.5V8H0v2a2 2 0 0 0 2 2h2v-1.5ZM8 12v-1.5h2a.5.5 0 0 0 .5-.5V8H12v2a2 2 0 0 1-2 2H8Zm2-12a2 2 0 0 1 2 2v2h-1.5V2a.5.5 0 0 0-.5-.5H8V0h2Z\" \/>\n\t\t\t<\/svg>\n\t\t<\/button><\/figure>\n\n\n\n<h2 class=\"wp-block-heading\"><strong><strong><br><strong>Paradas por el casco hist\u00f3rico<\/strong><\/strong><\/strong><\/h2>\n\n\n\n<p>Desde la catedral, el itinerario contin\u00faa por las calles del casco antiguo, donde se encuentran diversas iglesias y capillas hist\u00f3ricas que reflejan la evoluci\u00f3n religiosa de Lugo a lo largo de los siglos. Este recorrido permite descubrir c\u00f3mo la ciudad fue creciendo en torno a su dimensi\u00f3n espiritual, manteniendo estos espacios plenamente integrados en la vida cotidiana.<\/p>\n\n\n\n<p>Caminar sin prisa, observando detalles arquitect\u00f3nicos, peque\u00f1as plazas y rincones con historia, forma parte de la experiencia. Lugo te invita a descubrir sin itinerarios r\u00edgidos, dejando que cada parada construya el relato.<\/p>\n\n\n\n<figure data-wp-context=\"{&quot;imageId&quot;:&quot;69f2d91252ed9&quot;}\" data-wp-interactive=\"core\/image\" data-wp-key=\"69f2d91252ed9\" class=\"wp-block-image size-large wp-lightbox-container\"><img decoding=\"async\" width=\"1024\" height=\"1024\" data-wp-class--hide=\"state.isContentHidden\" data-wp-class--show=\"state.isContentVisible\" data-wp-init=\"callbacks.setButtonStyles\" data-wp-on--click=\"actions.showLightbox\" data-wp-on--load=\"callbacks.setButtonStyles\" data-wp-on-window--resize=\"callbacks.setButtonStyles\" src=\"https:\/\/turismosostible.lugo.gal\/wp-content\/uploads\/2026\/02\/lugo_342-1-1024x1024.jpg\" alt=\"\" class=\"wp-image-2222\" srcset=\"https:\/\/turismosostible.lugo.gal\/wp-content\/uploads\/2026\/02\/lugo_342-1-1024x1024.jpg 1024w, https:\/\/turismosostible.lugo.gal\/wp-content\/uploads\/2026\/02\/lugo_342-1-300x300.jpg 300w, https:\/\/turismosostible.lugo.gal\/wp-content\/uploads\/2026\/02\/lugo_342-1-150x150.jpg 150w, https:\/\/turismosostible.lugo.gal\/wp-content\/uploads\/2026\/02\/lugo_342-1-768x768.jpg 768w, https:\/\/turismosostible.lugo.gal\/wp-content\/uploads\/2026\/02\/lugo_342-1-1536x1536.jpg 1536w, https:\/\/turismosostible.lugo.gal\/wp-content\/uploads\/2026\/02\/lugo_342-1-2048x2048.jpg 2048w, https:\/\/turismosostible.lugo.gal\/wp-content\/uploads\/2026\/02\/lugo_342-1-50x50.jpg 50w, https:\/\/turismosostible.lugo.gal\/wp-content\/uploads\/2026\/02\/lugo_342-1-268x268.jpg 268w, https:\/\/turismosostible.lugo.gal\/wp-content\/uploads\/2026\/02\/lugo_342-1-1120x1120.jpg 1120w, https:\/\/turismosostible.lugo.gal\/wp-content\/uploads\/2026\/02\/lugo_342-1-80x80.jpg 80w\" sizes=\"(max-width: 1024px) 100vw, 1024px\" \/><button\n\t\t\tclass=\"lightbox-trigger\"\n\t\t\ttype=\"button\"\n\t\t\taria-haspopup=\"dialog\"\n\t\t\taria-label=\"Agrandar\"\n\t\t\tdata-wp-init=\"callbacks.initTriggerButton\"\n\t\t\tdata-wp-on--click=\"actions.showLightbox\"\n\t\t\tdata-wp-style--right=\"state.imageButtonRight\"\n\t\t\tdata-wp-style--top=\"state.imageButtonTop\"\n\t\t>\n\t\t\t<svg xmlns=\"http:\/\/www.w3.org\/2000\/svg\" width=\"12\" height=\"12\" fill=\"none\" viewbox=\"0 0 12 12\">\n\t\t\t\t<path fill=\"#fff\" d=\"M2 0a2 2 0 0 0-2 2v2h1.5V2a.5.5 0 0 1 .5-.5h2V0H2Zm2 10.5H2a.5.5 0 0 1-.5-.5V8H0v2a2 2 0 0 0 2 2h2v-1.5ZM8 12v-1.5h2a.5.5 0 0 0 .5-.5V8H12v2a2 2 0 0 1-2 2H8Zm2-12a2 2 0 0 1 2 2v2h-1.5V2a.5.5 0 0 0-.5-.5H8V0h2Z\" \/>\n\t\t\t<\/svg>\n\t\t<\/button><\/figure>\n\n\n\n<h2 class=\"wp-block-heading\"><strong><strong><br><strong>Visita imprescindible: Santa Eulalia de B\u00f3veda<\/strong><\/strong><\/strong><\/h2>\n\n\n\n<p>A pocos kil\u00f3metros de la ciudad, el itinerario puede completarse con una visita a Santa Eulalia de B\u00f3veda, uno de los monumentos m\u00e1s singulares del noroeste peninsular.<\/p>\n\n\n\n<p>Datado entre los siglos III y IV d.C., este espacio ha sido interpretado como un antiguo santuario vinculado al agua o como un templo de transici\u00f3n entre el mundo romano y el cristianismo. Su interior conserva pinturas murales \u00fanicas con representaciones de aves y elementos decorativos, lo que lo convierte en un lugar excepcional para comprender la evoluci\u00f3n religiosa del territorio.<\/p>\n\n\n\n<figure data-wp-context=\"{&quot;imageId&quot;:&quot;69f2d912531db&quot;}\" data-wp-interactive=\"core\/image\" data-wp-key=\"69f2d912531db\" class=\"wp-block-image size-large wp-lightbox-container\"><img decoding=\"async\" width=\"1024\" height=\"1024\" data-wp-class--hide=\"state.isContentHidden\" data-wp-class--show=\"state.isContentVisible\" data-wp-init=\"callbacks.setButtonStyles\" data-wp-on--click=\"actions.showLightbox\" data-wp-on--load=\"callbacks.setButtonStyles\" data-wp-on-window--resize=\"callbacks.setButtonStyles\" src=\"https:\/\/turismosostible.lugo.gal\/wp-content\/uploads\/2026\/02\/lugo_569-1-1024x1024.jpg\" alt=\"\" class=\"wp-image-2181\" srcset=\"https:\/\/turismosostible.lugo.gal\/wp-content\/uploads\/2026\/02\/lugo_569-1-1024x1024.jpg 1024w, https:\/\/turismosostible.lugo.gal\/wp-content\/uploads\/2026\/02\/lugo_569-1-300x300.jpg 300w, https:\/\/turismosostible.lugo.gal\/wp-content\/uploads\/2026\/02\/lugo_569-1-150x150.jpg 150w, https:\/\/turismosostible.lugo.gal\/wp-content\/uploads\/2026\/02\/lugo_569-1-768x768.jpg 768w, https:\/\/turismosostible.lugo.gal\/wp-content\/uploads\/2026\/02\/lugo_569-1-1536x1536.jpg 1536w, https:\/\/turismosostible.lugo.gal\/wp-content\/uploads\/2026\/02\/lugo_569-1-2048x2048.jpg 2048w, https:\/\/turismosostible.lugo.gal\/wp-content\/uploads\/2026\/02\/lugo_569-1-50x50.jpg 50w, https:\/\/turismosostible.lugo.gal\/wp-content\/uploads\/2026\/02\/lugo_569-1-268x268.jpg 268w, https:\/\/turismosostible.lugo.gal\/wp-content\/uploads\/2026\/02\/lugo_569-1-1120x1120.jpg 1120w, https:\/\/turismosostible.lugo.gal\/wp-content\/uploads\/2026\/02\/lugo_569-1-80x80.jpg 80w\" sizes=\"(max-width: 1024px) 100vw, 1024px\" \/><button\n\t\t\tclass=\"lightbox-trigger\"\n\t\t\ttype=\"button\"\n\t\t\taria-haspopup=\"dialog\"\n\t\t\taria-label=\"Agrandar\"\n\t\t\tdata-wp-init=\"callbacks.initTriggerButton\"\n\t\t\tdata-wp-on--click=\"actions.showLightbox\"\n\t\t\tdata-wp-style--right=\"state.imageButtonRight\"\n\t\t\tdata-wp-style--top=\"state.imageButtonTop\"\n\t\t>\n\t\t\t<svg xmlns=\"http:\/\/www.w3.org\/2000\/svg\" width=\"12\" height=\"12\" fill=\"none\" viewbox=\"0 0 12 12\">\n\t\t\t\t<path fill=\"#fff\" d=\"M2 0a2 2 0 0 0-2 2v2h1.5V2a.5.5 0 0 1 .5-.5h2V0H2Zm2 10.5H2a.5.5 0 0 1-.5-.5V8H0v2a2 2 0 0 0 2 2h2v-1.5ZM8 12v-1.5h2a.5.5 0 0 0 .5-.5V8H12v2a2 2 0 0 1-2 2H8Zm2-12a2 2 0 0 1 2 2v2h-1.5V2a.5.5 0 0 0-.5-.5H8V0h2Z\" \/>\n\t\t\t<\/svg>\n\t\t<\/button><\/figure>\n\n\n\n<h2 class=\"wp-block-heading\"><strong><br><strong>Un paseo para sentir Lugo<\/strong><\/strong><\/h2>\n\n\n\n<p>Este itinerario no es solo una ruta de visitas: es una forma de conectar con la identidad de la ciudad. Un recorrido pausado, donde cada espacio aporta contexto, historia y una manera distinta de entender Lugo.<\/p>\n\n\n\n<figure data-wp-context=\"{&quot;imageId&quot;:&quot;69f2d91253498&quot;}\" data-wp-interactive=\"core\/image\" data-wp-key=\"69f2d91253498\" class=\"wp-block-image size-large wp-lightbox-container\"><img loading=\"lazy\" decoding=\"async\" width=\"1024\" height=\"1024\" data-wp-class--hide=\"state.isContentHidden\" data-wp-class--show=\"state.isContentVisible\" data-wp-init=\"callbacks.setButtonStyles\" data-wp-on--click=\"actions.showLightbox\" data-wp-on--load=\"callbacks.setButtonStyles\" data-wp-on-window--resize=\"callbacks.setButtonStyles\" src=\"https:\/\/turismosostible.lugo.gal\/wp-content\/uploads\/2026\/02\/lugo_384-1-1024x1024.jpg\" alt=\"\" class=\"wp-image-2209\" srcset=\"https:\/\/turismosostible.lugo.gal\/wp-content\/uploads\/2026\/02\/lugo_384-1-1024x1024.jpg 1024w, https:\/\/turismosostible.lugo.gal\/wp-content\/uploads\/2026\/02\/lugo_384-1-300x300.jpg 300w, https:\/\/turismosostible.lugo.gal\/wp-content\/uploads\/2026\/02\/lugo_384-1-150x150.jpg 150w, https:\/\/turismosostible.lugo.gal\/wp-content\/uploads\/2026\/02\/lugo_384-1-768x768.jpg 768w, https:\/\/turismosostible.lugo.gal\/wp-content\/uploads\/2026\/02\/lugo_384-1-1536x1536.jpg 1536w, https:\/\/turismosostible.lugo.gal\/wp-content\/uploads\/2026\/02\/lugo_384-1-2048x2048.jpg 2048w, https:\/\/turismosostible.lugo.gal\/wp-content\/uploads\/2026\/02\/lugo_384-1-50x50.jpg 50w, https:\/\/turismosostible.lugo.gal\/wp-content\/uploads\/2026\/02\/lugo_384-1-268x268.jpg 268w, https:\/\/turismosostible.lugo.gal\/wp-content\/uploads\/2026\/02\/lugo_384-1-1120x1120.jpg 1120w, https:\/\/turismosostible.lugo.gal\/wp-content\/uploads\/2026\/02\/lugo_384-1-80x80.jpg 80w\" sizes=\"(max-width: 1024px) 100vw, 1024px\" \/><button\n\t\t\tclass=\"lightbox-trigger\"\n\t\t\ttype=\"button\"\n\t\t\taria-haspopup=\"dialog\"\n\t\t\taria-label=\"Agrandar\"\n\t\t\tdata-wp-init=\"callbacks.initTriggerButton\"\n\t\t\tdata-wp-on--click=\"actions.showLightbox\"\n\t\t\tdata-wp-style--right=\"state.imageButtonRight\"\n\t\t\tdata-wp-style--top=\"state.imageButtonTop\"\n\t\t>\n\t\t\t<svg xmlns=\"http:\/\/www.w3.org\/2000\/svg\" width=\"12\" height=\"12\" fill=\"none\" viewbox=\"0 0 12 12\">\n\t\t\t\t<path fill=\"#fff\" d=\"M2 0a2 2 0 0 0-2 2v2h1.5V2a.5.5 0 0 1 .5-.5h2V0H2Zm2 10.5H2a.5.5 0 0 1-.5-.5V8H0v2a2 2 0 0 0 2 2h2v-1.5ZM8 12v-1.5h2a.5.5 0 0 0 .5-.5V8H12v2a2 2 0 0 1-2 2H8Zm2-12a2 2 0 0 1 2 2v2h-1.5V2a.5.5 0 0 0-.5-.5H8V0h2Z\" \/>\n\t\t\t<\/svg>\n\t\t<\/button><\/figure>\n\n\n\n<div class=\"wp-block-buttons is-layout-flex wp-block-buttons-is-layout-flex\">\n<div class=\"wp-block-button\"><a class=\"wp-block-button__link wp-element-button\" href=\"\/es\/ruta-polos-templos-historicos-de-lugo\/\">Ruta por los templos hist\u00f3ricos de Lugo<\/a><\/div>\n<\/div>\n\n\n\n<p><\/p>","protected":false},"excerpt":{"rendered":"<p>Descubrir Lugo a trav\u00e9s da s\u00faa historia sagrada \u00e9 unha das formas m\u00e1is completas de entender a cidade. Este percorrido a p\u00e9 permite combinar [&hellip;]<\/p>\n","protected":false},"author":1,"featured_media":2214,"comment_status":"closed","ping_status":"open","sticky":false,"template":"","format":"standard","meta":{"_acf_changed":false,"footnotes":""},"categories":[53],"tags":[56,55,57,58,54],"class_list":["post-2561","post","type-post","status-publish","format-standard","has-post-thumbnail","hentry","category-espiritualidade","tag-camino-primitivo-lugo","tag-peregrinacion-santiago-lugo","tag-que-ver-no-camino-primitivo","tag-rutas-santiago-lugo","tag-turismo-relixioso-galicia"],"acf":{"full_width":false,"header_transparent":false},"_links":{"self":[{"href":"https:\/\/turismosostible.lugo.gal\/es\/wp-json\/wp\/v2\/posts\/2561","targetHints":{"allow":["GET"]}}],"collection":[{"href":"https:\/\/turismosostible.lugo.gal\/es\/wp-json\/wp\/v2\/posts"}],"about":[{"href":"https:\/\/turismosostible.lugo.gal\/es\/wp-json\/wp\/v2\/types\/post"}],"author":[{"embeddable":true,"href":"https:\/\/turismosostible.lugo.gal\/es\/wp-json\/wp\/v2\/users\/1"}],"replies":[{"embeddable":true,"href":"https:\/\/turismosostible.lugo.gal\/es\/wp-json\/wp\/v2\/comments?post=2561"}],"version-history":[{"count":2,"href":"https:\/\/turismosostible.lugo.gal\/es\/wp-json\/wp\/v2\/posts\/2561\/revisions"}],"predecessor-version":[{"id":2568,"href":"https:\/\/turismosostible.lugo.gal\/es\/wp-json\/wp\/v2\/posts\/2561\/revisions\/2568"}],"wp:featuredmedia":[{"embeddable":true,"href":"https:\/\/turismosostible.lugo.gal\/es\/wp-json\/wp\/v2\/media\/2214"}],"wp:attachment":[{"href":"https:\/\/turismosostible.lugo.gal\/es\/wp-json\/wp\/v2\/media?parent=2561"}],"wp:term":[{"taxonomy":"category","embeddable":true,"href":"https:\/\/turismosostible.lugo.gal\/es\/wp-json\/wp\/v2\/categories?post=2561"},{"taxonomy":"post_tag","embeddable":true,"href":"https:\/\/turismosostible.lugo.gal\/es\/wp-json\/wp\/v2\/tags?post=2561"}],"curies":[{"name":"wp","href":"https:\/\/api.w.org\/{rel}","templated":true}]}}