{"id":2476,"date":"2026-04-22T14:21:21","date_gmt":"2026-04-22T12:21:21","guid":{"rendered":"https:\/\/turismosostible.lugo.gal\/?p=2476"},"modified":"2026-04-22T16:21:23","modified_gmt":"2026-04-22T14:21:23","slug":"cinco-plans-para-a-tua-escapada-a-lugo-esta-primavera","status":"publish","type":"post","link":"https:\/\/turismosostible.lugo.gal\/es\/cinco-plans-para-a-tua-escapada-a-lugo-esta-primavera\/","title":{"rendered":"CINCO PLANES PARA TU ESCAPADA A LUGO ESTA PRIMAVERA"},"content":{"rendered":"<p>La primavera es una de las mejores \u00e9pocas para visitar Lugo. El buen tiempo, la naturaleza en pleno esplendor y la actividad gastron\u00f3mica hacen de este destino una opci\u00f3n perfecta para una escapada pausada, aut\u00e9ntica y llena de matices.<\/p>\n\n\n\n<figure class=\"wp-block-video\"><video height=\"2160\" style=\"aspect-ratio: 3840 \/ 2160;\" width=\"3840\" autoplay controls muted src=\"https:\/\/turismosostible.lugo.gal\/wp-content\/uploads\/2026\/04\/video_xeral_esp.mp4\" playsinline><\/video><\/figure>\n\n\n\n<h2 class=\"wp-block-heading\"><strong><strong>1. Recorrer la Muralla Romana y el casco hist\u00f3rico<\/strong><\/strong><\/h2>\n\n\n\n<p>Comenzar el d\u00eda con un paseo por la Muralla Romana es la mejor manera de entender Lugo. Su adarve permite rodear la ciudad mientras se contempla el contraste entre el pasado romano y la vida actual. Al bajar, el casco hist\u00f3rico invita a perderse entre calles, plazas y monumentos como la Catedral de Santa Mar\u00eda, descubriendo una ciudad donde la historia forma parte del d\u00eda a d\u00eda.<\/p>\n\n\n\n<figure data-wp-context=\"{&quot;imageId&quot;:&quot;69ee1eb93aee8&quot;}\" data-wp-interactive=\"core\/image\" data-wp-key=\"69ee1eb93aee8\" class=\"wp-block-image size-large wp-lightbox-container\"><img fetchpriority=\"high\" decoding=\"async\" width=\"1024\" height=\"1024\" data-wp-class--hide=\"state.isContentHidden\" data-wp-class--show=\"state.isContentVisible\" data-wp-init=\"callbacks.setButtonStyles\" data-wp-on--click=\"actions.showLightbox\" data-wp-on--load=\"callbacks.setButtonStyles\" data-wp-on-window--resize=\"callbacks.setButtonStyles\" src=\"https:\/\/turismosostible.lugo.gal\/wp-content\/uploads\/2026\/02\/lugo_318-1-1024x1024.jpg\" alt=\"\" class=\"wp-image-2230\" srcset=\"https:\/\/turismosostible.lugo.gal\/wp-content\/uploads\/2026\/02\/lugo_318-1-1024x1024.jpg 1024w, https:\/\/turismosostible.lugo.gal\/wp-content\/uploads\/2026\/02\/lugo_318-1-300x300.jpg 300w, https:\/\/turismosostible.lugo.gal\/wp-content\/uploads\/2026\/02\/lugo_318-1-150x150.jpg 150w, https:\/\/turismosostible.lugo.gal\/wp-content\/uploads\/2026\/02\/lugo_318-1-768x768.jpg 768w, https:\/\/turismosostible.lugo.gal\/wp-content\/uploads\/2026\/02\/lugo_318-1-1536x1536.jpg 1536w, https:\/\/turismosostible.lugo.gal\/wp-content\/uploads\/2026\/02\/lugo_318-1-2048x2048.jpg 2048w, https:\/\/turismosostible.lugo.gal\/wp-content\/uploads\/2026\/02\/lugo_318-1-50x50.jpg 50w, https:\/\/turismosostible.lugo.gal\/wp-content\/uploads\/2026\/02\/lugo_318-1-268x268.jpg 268w, https:\/\/turismosostible.lugo.gal\/wp-content\/uploads\/2026\/02\/lugo_318-1-1120x1120.jpg 1120w, https:\/\/turismosostible.lugo.gal\/wp-content\/uploads\/2026\/02\/lugo_318-1-80x80.jpg 80w\" sizes=\"(max-width: 1024px) 100vw, 1024px\" \/><button\n\t\t\tclass=\"lightbox-trigger\"\n\t\t\ttype=\"button\"\n\t\t\taria-haspopup=\"dialog\"\n\t\t\taria-label=\"Agrandar\"\n\t\t\tdata-wp-init=\"callbacks.initTriggerButton\"\n\t\t\tdata-wp-on--click=\"actions.showLightbox\"\n\t\t\tdata-wp-style--right=\"state.imageButtonRight\"\n\t\t\tdata-wp-style--top=\"state.imageButtonTop\"\n\t\t>\n\t\t\t<svg xmlns=\"http:\/\/www.w3.org\/2000\/svg\" width=\"12\" height=\"12\" fill=\"none\" viewbox=\"0 0 12 12\">\n\t\t\t\t<path fill=\"#fff\" d=\"M2 0a2 2 0 0 0-2 2v2h1.5V2a.5.5 0 0 1 .5-.5h2V0H2Zm2 10.5H2a.5.5 0 0 1-.5-.5V8H0v2a2 2 0 0 0 2 2h2v-1.5ZM8 12v-1.5h2a.5.5 0 0 0 .5-.5V8H12v2a2 2 0 0 1-2 2H8Zm2-12a2 2 0 0 1 2 2v2h-1.5V2a.5.5 0 0 0-.5-.5H8V0h2Z\" \/>\n\t\t\t<\/svg>\n\t\t<\/button><\/figure>\n\n\n\n<h2 class=\"wp-block-heading\"><strong><strong>2. Descubrir la Plaza de Abastos y el producto local<\/strong><\/strong><\/h2>\n\n\n\n<p>La Plaza de Abastos es el coraz\u00f3n gastron\u00f3mico de la ciudad. Aqu\u00ed confluyen productos de proximidad llegados directamente del campo: carnes, quesos, verduras o pescado fresco. Es el lugar ideal para conocer la calidad de la despensa lucense y entender la base de su gastronom\u00eda, marcada por la estacionalidad y la relaci\u00f3n directa entre productor y consumidor.<\/p>\n\n\n\n<figure data-wp-context=\"{&quot;imageId&quot;:&quot;69ee1eb93b13f&quot;}\" data-wp-interactive=\"core\/image\" data-wp-key=\"69ee1eb93b13f\" class=\"wp-block-image size-large wp-lightbox-container\"><img decoding=\"async\" width=\"1024\" height=\"576\" data-wp-class--hide=\"state.isContentHidden\" data-wp-class--show=\"state.isContentVisible\" data-wp-init=\"callbacks.setButtonStyles\" data-wp-on--click=\"actions.showLightbox\" data-wp-on--load=\"callbacks.setButtonStyles\" data-wp-on-window--resize=\"callbacks.setButtonStyles\" src=\"https:\/\/turismosostible.lugo.gal\/wp-content\/uploads\/2026\/04\/lugo_049-1024x576.jpg\" alt=\"\" class=\"wp-image-2432\" srcset=\"https:\/\/turismosostible.lugo.gal\/wp-content\/uploads\/2026\/04\/lugo_049-1024x576.jpg 1024w, https:\/\/turismosostible.lugo.gal\/wp-content\/uploads\/2026\/04\/lugo_049-300x169.jpg 300w, https:\/\/turismosostible.lugo.gal\/wp-content\/uploads\/2026\/04\/lugo_049-768x432.jpg 768w, https:\/\/turismosostible.lugo.gal\/wp-content\/uploads\/2026\/04\/lugo_049-1536x864.jpg 1536w, https:\/\/turismosostible.lugo.gal\/wp-content\/uploads\/2026\/04\/lugo_049-2048x1152.jpg 2048w, https:\/\/turismosostible.lugo.gal\/wp-content\/uploads\/2026\/04\/lugo_049-18x10.jpg 18w, https:\/\/turismosostible.lugo.gal\/wp-content\/uploads\/2026\/04\/lugo_049-400x225.jpg 400w, https:\/\/turismosostible.lugo.gal\/wp-content\/uploads\/2026\/04\/lugo_049-1120x630.jpg 1120w\" sizes=\"(max-width: 1024px) 100vw, 1024px\" \/><button\n\t\t\tclass=\"lightbox-trigger\"\n\t\t\ttype=\"button\"\n\t\t\taria-haspopup=\"dialog\"\n\t\t\taria-label=\"Agrandar\"\n\t\t\tdata-wp-init=\"callbacks.initTriggerButton\"\n\t\t\tdata-wp-on--click=\"actions.showLightbox\"\n\t\t\tdata-wp-style--right=\"state.imageButtonRight\"\n\t\t\tdata-wp-style--top=\"state.imageButtonTop\"\n\t\t>\n\t\t\t<svg xmlns=\"http:\/\/www.w3.org\/2000\/svg\" width=\"12\" height=\"12\" fill=\"none\" viewbox=\"0 0 12 12\">\n\t\t\t\t<path fill=\"#fff\" d=\"M2 0a2 2 0 0 0-2 2v2h1.5V2a.5.5 0 0 1 .5-.5h2V0H2Zm2 10.5H2a.5.5 0 0 1-.5-.5V8H0v2a2 2 0 0 0 2 2h2v-1.5ZM8 12v-1.5h2a.5.5 0 0 0 .5-.5V8H12v2a2 2 0 0 1-2 2H8Zm2-12a2 2 0 0 1 2 2v2h-1.5V2a.5.5 0 0 0-.5-.5H8V0h2Z\" \/>\n\t\t\t<\/svg>\n\t\t<\/button><\/figure>\n\n\n\n<h2 class=\"wp-block-heading\"><strong><strong>3. Disfrutar de la gastronom\u00eda local<\/strong><\/strong><\/h2>\n\n\n\n<p>Lugo \u00e9 sin\u00f3nimo de comer ben. A tradici\u00f3n do tapeo, a calidade da restauraci\u00f3n e o protagonismo do produto fan que cada comida sexa unha experiencia. A Zona de Vi\u00f1os, no casco hist\u00f3rico, \u00e9 perfecta para probar vi\u00f1os&nbsp;galegos e degustar pratos que combinan tradici\u00f3n e creatividade contempor\u00e1nea.<\/p>\n\n\n\n<figure data-wp-context=\"{&quot;imageId&quot;:&quot;69ee1eb93b4cf&quot;}\" data-wp-interactive=\"core\/image\" data-wp-key=\"69ee1eb93b4cf\" class=\"wp-block-image size-large wp-lightbox-container\"><img decoding=\"async\" width=\"1024\" height=\"1024\" data-wp-class--hide=\"state.isContentHidden\" data-wp-class--show=\"state.isContentVisible\" data-wp-init=\"callbacks.setButtonStyles\" data-wp-on--click=\"actions.showLightbox\" data-wp-on--load=\"callbacks.setButtonStyles\" data-wp-on-window--resize=\"callbacks.setButtonStyles\" src=\"https:\/\/turismosostible.lugo.gal\/wp-content\/uploads\/2026\/02\/lugo_248-1-1024x1024.jpg\" alt=\"\" class=\"wp-image-2237\" srcset=\"https:\/\/turismosostible.lugo.gal\/wp-content\/uploads\/2026\/02\/lugo_248-1-1024x1024.jpg 1024w, https:\/\/turismosostible.lugo.gal\/wp-content\/uploads\/2026\/02\/lugo_248-1-300x300.jpg 300w, https:\/\/turismosostible.lugo.gal\/wp-content\/uploads\/2026\/02\/lugo_248-1-150x150.jpg 150w, https:\/\/turismosostible.lugo.gal\/wp-content\/uploads\/2026\/02\/lugo_248-1-768x768.jpg 768w, https:\/\/turismosostible.lugo.gal\/wp-content\/uploads\/2026\/02\/lugo_248-1-1536x1536.jpg 1536w, https:\/\/turismosostible.lugo.gal\/wp-content\/uploads\/2026\/02\/lugo_248-1-2048x2048.jpg 2048w, https:\/\/turismosostible.lugo.gal\/wp-content\/uploads\/2026\/02\/lugo_248-1-50x50.jpg 50w, https:\/\/turismosostible.lugo.gal\/wp-content\/uploads\/2026\/02\/lugo_248-1-268x268.jpg 268w, https:\/\/turismosostible.lugo.gal\/wp-content\/uploads\/2026\/02\/lugo_248-1-1120x1120.jpg 1120w, https:\/\/turismosostible.lugo.gal\/wp-content\/uploads\/2026\/02\/lugo_248-1-80x80.jpg 80w\" sizes=\"(max-width: 1024px) 100vw, 1024px\" \/><button\n\t\t\tclass=\"lightbox-trigger\"\n\t\t\ttype=\"button\"\n\t\t\taria-haspopup=\"dialog\"\n\t\t\taria-label=\"Agrandar\"\n\t\t\tdata-wp-init=\"callbacks.initTriggerButton\"\n\t\t\tdata-wp-on--click=\"actions.showLightbox\"\n\t\t\tdata-wp-style--right=\"state.imageButtonRight\"\n\t\t\tdata-wp-style--top=\"state.imageButtonTop\"\n\t\t>\n\t\t\t<svg xmlns=\"http:\/\/www.w3.org\/2000\/svg\" width=\"12\" height=\"12\" fill=\"none\" viewbox=\"0 0 12 12\">\n\t\t\t\t<path fill=\"#fff\" d=\"M2 0a2 2 0 0 0-2 2v2h1.5V2a.5.5 0 0 1 .5-.5h2V0H2Zm2 10.5H2a.5.5 0 0 1-.5-.5V8H0v2a2 2 0 0 0 2 2h2v-1.5ZM8 12v-1.5h2a.5.5 0 0 0 .5-.5V8H12v2a2 2 0 0 1-2 2H8Zm2-12a2 2 0 0 1 2 2v2h-1.5V2a.5.5 0 0 0-.5-.5H8V0h2Z\" \/>\n\t\t\t<\/svg>\n\t\t<\/button><\/figure>\n\n\n\n<h2 class=\"wp-block-heading\"><strong>4. Explorar la naturaleza y la Reserva de la Biosfera<\/strong><\/h2>\n\n\n\n<p>La ciudad tambi\u00e9n ofrece una conexi\u00f3n directa con la naturaleza. El cintur\u00f3n verde de Lugo, junto con las rutas del r\u00edo Mi\u00f1o y del r\u00edo Rato, permite paseos tranquilos entre paisajes naturales. La Reserva de la Biosfera Terras do Mi\u00f1o ampl\u00eda esta experiencia, apostando por un turismo sostenible y en contacto con el entorno.<\/p>\n\n\n\n<figure data-wp-context=\"{&quot;imageId&quot;:&quot;69ee1eb93b814&quot;}\" data-wp-interactive=\"core\/image\" data-wp-key=\"69ee1eb93b814\" class=\"wp-block-image size-large wp-lightbox-container\"><img loading=\"lazy\" decoding=\"async\" width=\"1024\" height=\"1024\" data-wp-class--hide=\"state.isContentHidden\" data-wp-class--show=\"state.isContentVisible\" data-wp-init=\"callbacks.setButtonStyles\" data-wp-on--click=\"actions.showLightbox\" data-wp-on--load=\"callbacks.setButtonStyles\" data-wp-on-window--resize=\"callbacks.setButtonStyles\" src=\"https:\/\/turismosostible.lugo.gal\/wp-content\/uploads\/2026\/02\/lugo_332-1-1024x1024.jpg\" alt=\"\" class=\"wp-image-2221\" srcset=\"https:\/\/turismosostible.lugo.gal\/wp-content\/uploads\/2026\/02\/lugo_332-1-1024x1024.jpg 1024w, https:\/\/turismosostible.lugo.gal\/wp-content\/uploads\/2026\/02\/lugo_332-1-300x300.jpg 300w, https:\/\/turismosostible.lugo.gal\/wp-content\/uploads\/2026\/02\/lugo_332-1-150x150.jpg 150w, https:\/\/turismosostible.lugo.gal\/wp-content\/uploads\/2026\/02\/lugo_332-1-768x768.jpg 768w, https:\/\/turismosostible.lugo.gal\/wp-content\/uploads\/2026\/02\/lugo_332-1-1536x1536.jpg 1536w, https:\/\/turismosostible.lugo.gal\/wp-content\/uploads\/2026\/02\/lugo_332-1-2048x2048.jpg 2048w, https:\/\/turismosostible.lugo.gal\/wp-content\/uploads\/2026\/02\/lugo_332-1-50x50.jpg 50w, https:\/\/turismosostible.lugo.gal\/wp-content\/uploads\/2026\/02\/lugo_332-1-268x268.jpg 268w, https:\/\/turismosostible.lugo.gal\/wp-content\/uploads\/2026\/02\/lugo_332-1-1120x1120.jpg 1120w, https:\/\/turismosostible.lugo.gal\/wp-content\/uploads\/2026\/02\/lugo_332-1-80x80.jpg 80w\" sizes=\"(max-width: 1024px) 100vw, 1024px\" \/><button\n\t\t\tclass=\"lightbox-trigger\"\n\t\t\ttype=\"button\"\n\t\t\taria-haspopup=\"dialog\"\n\t\t\taria-label=\"Agrandar\"\n\t\t\tdata-wp-init=\"callbacks.initTriggerButton\"\n\t\t\tdata-wp-on--click=\"actions.showLightbox\"\n\t\t\tdata-wp-style--right=\"state.imageButtonRight\"\n\t\t\tdata-wp-style--top=\"state.imageButtonTop\"\n\t\t>\n\t\t\t<svg xmlns=\"http:\/\/www.w3.org\/2000\/svg\" width=\"12\" height=\"12\" fill=\"none\" viewbox=\"0 0 12 12\">\n\t\t\t\t<path fill=\"#fff\" d=\"M2 0a2 2 0 0 0-2 2v2h1.5V2a.5.5 0 0 1 .5-.5h2V0H2Zm2 10.5H2a.5.5 0 0 1-.5-.5V8H0v2a2 2 0 0 0 2 2h2v-1.5ZM8 12v-1.5h2a.5.5 0 0 0 .5-.5V8H12v2a2 2 0 0 1-2 2H8Zm2-12a2 2 0 0 1 2 2v2h-1.5V2a.5.5 0 0 0-.5-.5H8V0h2Z\" \/>\n\t\t\t<\/svg>\n\t\t<\/button><\/figure>\n\n\n\n<h2 class=\"wp-block-heading\"><strong>5. Visitar la Ribeira Sacra lucense<\/strong><\/h2>\n\n\n\n<p>A pocos kil\u00f3metros de la ciudad, la Ribeira Sacra lucense completa la escapada. Vi\u00f1edos en bancales, bodegas y miradores sobre el r\u00edo ofrecen uno de los paisajes m\u00e1s singulares de Galicia, donde el vino y el territorio construyen una experiencia enogastron\u00f3mica \u00fanica.<\/p>\n\n\n\n<figure data-wp-context=\"{&quot;imageId&quot;:&quot;69ee1eb93bb1d&quot;}\" data-wp-interactive=\"core\/image\" data-wp-key=\"69ee1eb93bb1d\" class=\"wp-block-image size-large wp-lightbox-container\"><img loading=\"lazy\" decoding=\"async\" width=\"1024\" height=\"572\" data-wp-class--hide=\"state.isContentHidden\" data-wp-class--show=\"state.isContentVisible\" data-wp-init=\"callbacks.setButtonStyles\" data-wp-on--click=\"actions.showLightbox\" data-wp-on--load=\"callbacks.setButtonStyles\" data-wp-on-window--resize=\"callbacks.setButtonStyles\" src=\"https:\/\/turismosostible.lugo.gal\/wp-content\/uploads\/2026\/02\/lugo_843-2-1024x572.jpg\" alt=\"\" class=\"wp-image-2269\" srcset=\"https:\/\/turismosostible.lugo.gal\/wp-content\/uploads\/2026\/02\/lugo_843-2-1024x572.jpg 1024w, https:\/\/turismosostible.lugo.gal\/wp-content\/uploads\/2026\/02\/lugo_843-2-300x167.jpg 300w, https:\/\/turismosostible.lugo.gal\/wp-content\/uploads\/2026\/02\/lugo_843-2-768x429.jpg 768w, https:\/\/turismosostible.lugo.gal\/wp-content\/uploads\/2026\/02\/lugo_843-2-1536x857.jpg 1536w, https:\/\/turismosostible.lugo.gal\/wp-content\/uploads\/2026\/02\/lugo_843-2-2048x1143.jpg 2048w, https:\/\/turismosostible.lugo.gal\/wp-content\/uploads\/2026\/02\/lugo_843-2-400x223.jpg 400w, https:\/\/turismosostible.lugo.gal\/wp-content\/uploads\/2026\/02\/lugo_843-2-1120x625.jpg 1120w\" sizes=\"(max-width: 1024px) 100vw, 1024px\" \/><button\n\t\t\tclass=\"lightbox-trigger\"\n\t\t\ttype=\"button\"\n\t\t\taria-haspopup=\"dialog\"\n\t\t\taria-label=\"Agrandar\"\n\t\t\tdata-wp-init=\"callbacks.initTriggerButton\"\n\t\t\tdata-wp-on--click=\"actions.showLightbox\"\n\t\t\tdata-wp-style--right=\"state.imageButtonRight\"\n\t\t\tdata-wp-style--top=\"state.imageButtonTop\"\n\t\t>\n\t\t\t<svg xmlns=\"http:\/\/www.w3.org\/2000\/svg\" width=\"12\" height=\"12\" fill=\"none\" viewbox=\"0 0 12 12\">\n\t\t\t\t<path fill=\"#fff\" d=\"M2 0a2 2 0 0 0-2 2v2h1.5V2a.5.5 0 0 1 .5-.5h2V0H2Zm2 10.5H2a.5.5 0 0 1-.5-.5V8H0v2a2 2 0 0 0 2 2h2v-1.5ZM8 12v-1.5h2a.5.5 0 0 0 .5-.5V8H12v2a2 2 0 0 1-2 2H8Zm2-12a2 2 0 0 1 2 2v2h-1.5V2a.5.5 0 0 0-.5-.5H8V0h2Z\" \/>\n\t\t\t<\/svg>\n\t\t<\/button><\/figure>\n\n\n\n<div class=\"wp-block-buttons is-layout-flex wp-block-buttons-is-layout-flex\">\n<div class=\"wp-block-button\"><a class=\"wp-block-button__link wp-element-button\" href=\"https:\/\/turismosostible.lugo.gal\/es\/lugo-a-mesa-mais-grande-do-mundo\/\">Lugo, la mesa m\u00e1s grande del mundo<\/a><\/div>\n<\/div>","protected":false},"excerpt":{"rendered":"<p>A primavera \u00e9 unha das mellores \u00e9pocas para visitar Lugo. O bo tempo, a natureza en pleno esplendor e a actividade gastron\u00f3mica fan deste [&hellip;]<\/p>\n","protected":false},"author":1,"featured_media":2173,"comment_status":"closed","ping_status":"open","sticky":false,"template":"","format":"standard","meta":{"_acf_changed":false,"footnotes":""},"categories":[28],"tags":[30,36,35,32,34,40,29,37,38,39],"class_list":["post-2476","post","type-post","status-publish","format-standard","has-post-thumbnail","hentry","category-et-edendo-lucus","tag-calidade","tag-destino-sostible","tag-enogastronomia","tag-experiencias","tag-gastronomia","tag-historia","tag-lugo","tag-natureza","tag-patrimonio","tag-sostibilidade"],"acf":{"full_width":false,"header_transparent":false},"_links":{"self":[{"href":"https:\/\/turismosostible.lugo.gal\/es\/wp-json\/wp\/v2\/posts\/2476","targetHints":{"allow":["GET"]}}],"collection":[{"href":"https:\/\/turismosostible.lugo.gal\/es\/wp-json\/wp\/v2\/posts"}],"about":[{"href":"https:\/\/turismosostible.lugo.gal\/es\/wp-json\/wp\/v2\/types\/post"}],"author":[{"embeddable":true,"href":"https:\/\/turismosostible.lugo.gal\/es\/wp-json\/wp\/v2\/users\/1"}],"replies":[{"embeddable":true,"href":"https:\/\/turismosostible.lugo.gal\/es\/wp-json\/wp\/v2\/comments?post=2476"}],"version-history":[{"count":4,"href":"https:\/\/turismosostible.lugo.gal\/es\/wp-json\/wp\/v2\/posts\/2476\/revisions"}],"predecessor-version":[{"id":2540,"href":"https:\/\/turismosostible.lugo.gal\/es\/wp-json\/wp\/v2\/posts\/2476\/revisions\/2540"}],"wp:featuredmedia":[{"embeddable":true,"href":"https:\/\/turismosostible.lugo.gal\/es\/wp-json\/wp\/v2\/media\/2173"}],"wp:attachment":[{"href":"https:\/\/turismosostible.lugo.gal\/es\/wp-json\/wp\/v2\/media?parent=2476"}],"wp:term":[{"taxonomy":"category","embeddable":true,"href":"https:\/\/turismosostible.lugo.gal\/es\/wp-json\/wp\/v2\/categories?post=2476"},{"taxonomy":"post_tag","embeddable":true,"href":"https:\/\/turismosostible.lugo.gal\/es\/wp-json\/wp\/v2\/tags?post=2476"}],"curies":[{"name":"wp","href":"https:\/\/api.w.org\/{rel}","templated":true}]}}