{"id":2442,"date":"2026-04-22T13:45:14","date_gmt":"2026-04-22T11:45:14","guid":{"rendered":"https:\/\/turismosostible.lugo.gal\/?p=2442"},"modified":"2026-04-22T16:22:19","modified_gmt":"2026-04-22T14:22:19","slug":"guia-para-unha-escapada-ao-corazon-de-galicia-itinerario-de-48-horas-para-descubrir-a-cidade","status":"publish","type":"post","link":"https:\/\/turismosostible.lugo.gal\/es\/guia-para-unha-escapada-ao-corazon-de-galicia-itinerario-de-48-horas-para-descubrir-a-cidade\/","title":{"rendered":"Gu\u00eda para una escapada al coraz\u00f3n de Galicia:\nitinerario de 48 horas para descubrir la ciudad"},"content":{"rendered":"<h2 class=\"wp-block-heading\"><strong>D\u00eda 1: Patrimonio e historia viva<\/strong><\/h2>\n\n\n\n<p>Comienza tu recorrido en la Muralla Romana, el gran s\u00edmbolo de la ciudad y declarada Patrimonio Mundial por la UNESCO. Construida en el siglo III, rodea el casco hist\u00f3rico con m\u00e1s de dos kil\u00f3metros de recorrido \u00edntegro. M\u00e1s que un monumento, es un espacio vivo que acompa\u00f1a el d\u00eda a d\u00eda de la ciudad y que permite caminar por la historia mientras disfrutas de una de las mejores vistas de Lugo.<\/p>\n\n\n\n<figure class=\"wp-block-video\"><video height=\"2160\" style=\"aspect-ratio: 3840 \/ 2160;\" width=\"3840\" autoplay controls muted src=\"https:\/\/turismosostible.lugo.gal\/wp-content\/uploads\/2026\/04\/video_xeral_esp.mp4\" playsinline><\/video><\/figure>\n\n\n\n<p>A partir de ah\u00ed, ad\u00e9ntrate en el legado de Lucus Augusti, una de las principales capitales de la Gallaecia romana. La Catedral de Santa Mar\u00eda (con su Museo Catedralicio), la Domus del Mitreo, la Casa de los Mosaicos, el Centro Arqueol\u00f3gico de San Roque, Porta Mi\u00f1\u00e1, el Museo Provincial de Lugo o el Centro de Interpretaci\u00f3n de la Muralla permiten comprender la vida en la ciudad hace siglos. Lugo es, adem\u00e1s, la ciudad de los tres patrimonios: su Muralla, el Camino Primitivo de Santiago \u2013el m\u00e1s antiguo\u2013 y la Catedral de Santa Mar\u00eda, con una tradici\u00f3n \u00fanica de exposici\u00f3n permanente del Sant\u00edsimo Sacramento.<\/p>\n\n\n\n<figure data-wp-context=\"{&quot;imageId&quot;:&quot;69ee040a9e799&quot;}\" data-wp-interactive=\"core\/image\" data-wp-key=\"69ee040a9e799\" class=\"wp-block-image size-large wp-lightbox-container\"><img fetchpriority=\"high\" decoding=\"async\" width=\"1024\" height=\"765\" data-wp-class--hide=\"state.isContentHidden\" data-wp-class--show=\"state.isContentVisible\" data-wp-init=\"callbacks.setButtonStyles\" data-wp-on--click=\"actions.showLightbox\" data-wp-on--load=\"callbacks.setButtonStyles\" data-wp-on-window--resize=\"callbacks.setButtonStyles\" src=\"https:\/\/turismosostible.lugo.gal\/wp-content\/uploads\/2026\/02\/lugo_805-3-1024x765.jpg\" alt=\"\" class=\"wp-image-2326\" srcset=\"https:\/\/turismosostible.lugo.gal\/wp-content\/uploads\/2026\/02\/lugo_805-3-1024x765.jpg 1024w, https:\/\/turismosostible.lugo.gal\/wp-content\/uploads\/2026\/02\/lugo_805-3-300x224.jpg 300w, https:\/\/turismosostible.lugo.gal\/wp-content\/uploads\/2026\/02\/lugo_805-3-768x573.jpg 768w, https:\/\/turismosostible.lugo.gal\/wp-content\/uploads\/2026\/02\/lugo_805-3-1536x1147.jpg 1536w, https:\/\/turismosostible.lugo.gal\/wp-content\/uploads\/2026\/02\/lugo_805-3-2048x1529.jpg 2048w, https:\/\/turismosostible.lugo.gal\/wp-content\/uploads\/2026\/02\/lugo_805-3-16x12.jpg 16w, https:\/\/turismosostible.lugo.gal\/wp-content\/uploads\/2026\/02\/lugo_805-3-359x268.jpg 359w, https:\/\/turismosostible.lugo.gal\/wp-content\/uploads\/2026\/02\/lugo_805-3-1120x836.jpg 1120w\" sizes=\"(max-width: 1024px) 100vw, 1024px\" \/><button\n\t\t\tclass=\"lightbox-trigger\"\n\t\t\ttype=\"button\"\n\t\t\taria-haspopup=\"dialog\"\n\t\t\taria-label=\"Agrandar\"\n\t\t\tdata-wp-init=\"callbacks.initTriggerButton\"\n\t\t\tdata-wp-on--click=\"actions.showLightbox\"\n\t\t\tdata-wp-style--right=\"state.imageButtonRight\"\n\t\t\tdata-wp-style--top=\"state.imageButtonTop\"\n\t\t>\n\t\t\t<svg xmlns=\"http:\/\/www.w3.org\/2000\/svg\" width=\"12\" height=\"12\" fill=\"none\" viewbox=\"0 0 12 12\">\n\t\t\t\t<path fill=\"#fff\" d=\"M2 0a2 2 0 0 0-2 2v2h1.5V2a.5.5 0 0 1 .5-.5h2V0H2Zm2 10.5H2a.5.5 0 0 1-.5-.5V8H0v2a2 2 0 0 0 2 2h2v-1.5ZM8 12v-1.5h2a.5.5 0 0 0 .5-.5V8H12v2a2 2 0 0 1-2 2H8Zm2-12a2 2 0 0 1 2 2v2h-1.5V2a.5.5 0 0 0-.5-.5H8V0h2Z\" \/>\n\t\t\t<\/svg>\n\t\t<\/button><\/figure>\n\n\n\n<h3 class=\"wp-block-heading\"><strong>Gastronom\u00eda y vida local<\/strong><\/h3>\n\n\n\n<p>Al mediod\u00eda, la experiencia contin\u00faa alrededor de la mesa. Lugo es un destino donde la gastronom\u00eda forma parte de la identidad, y la mejor manera de descubrirlo es a trav\u00e9s del tapeo y del producto local.<\/p>\n\n\n\n<p>Un buen punto de partida es la Zona de Vinos en el casco hist\u00f3rico, especialmente en la Praza do Campo, donde podr\u00e1s degustar vinos de las principales denominaciones de origen gallegas como Ribeira Sacra, R\u00edas Baixas, Ribeiro, Monterrei o Valdeorras. Por la tarde, la visita a la Plaza de Abastos permite conocer de primera mano la calidad del producto local y la relaci\u00f3n directa entre productor y consumidor.<\/p>\n\n\n\n<figure data-wp-context=\"{&quot;imageId&quot;:&quot;69ee040a9eab9&quot;}\" data-wp-interactive=\"core\/image\" data-wp-key=\"69ee040a9eab9\" class=\"wp-block-image size-large wp-lightbox-container\"><img decoding=\"async\" width=\"1024\" height=\"576\" data-wp-class--hide=\"state.isContentHidden\" data-wp-class--show=\"state.isContentVisible\" data-wp-init=\"callbacks.setButtonStyles\" data-wp-on--click=\"actions.showLightbox\" data-wp-on--load=\"callbacks.setButtonStyles\" data-wp-on-window--resize=\"callbacks.setButtonStyles\" src=\"https:\/\/turismosostible.lugo.gal\/wp-content\/uploads\/2026\/04\/lugo_049-1024x576.jpg\" alt=\"\" class=\"wp-image-2432\" srcset=\"https:\/\/turismosostible.lugo.gal\/wp-content\/uploads\/2026\/04\/lugo_049-1024x576.jpg 1024w, https:\/\/turismosostible.lugo.gal\/wp-content\/uploads\/2026\/04\/lugo_049-300x169.jpg 300w, https:\/\/turismosostible.lugo.gal\/wp-content\/uploads\/2026\/04\/lugo_049-768x432.jpg 768w, https:\/\/turismosostible.lugo.gal\/wp-content\/uploads\/2026\/04\/lugo_049-1536x864.jpg 1536w, https:\/\/turismosostible.lugo.gal\/wp-content\/uploads\/2026\/04\/lugo_049-2048x1152.jpg 2048w, https:\/\/turismosostible.lugo.gal\/wp-content\/uploads\/2026\/04\/lugo_049-18x10.jpg 18w, https:\/\/turismosostible.lugo.gal\/wp-content\/uploads\/2026\/04\/lugo_049-400x225.jpg 400w, https:\/\/turismosostible.lugo.gal\/wp-content\/uploads\/2026\/04\/lugo_049-1120x630.jpg 1120w\" sizes=\"(max-width: 1024px) 100vw, 1024px\" \/><button\n\t\t\tclass=\"lightbox-trigger\"\n\t\t\ttype=\"button\"\n\t\t\taria-haspopup=\"dialog\"\n\t\t\taria-label=\"Agrandar\"\n\t\t\tdata-wp-init=\"callbacks.initTriggerButton\"\n\t\t\tdata-wp-on--click=\"actions.showLightbox\"\n\t\t\tdata-wp-style--right=\"state.imageButtonRight\"\n\t\t\tdata-wp-style--top=\"state.imageButtonTop\"\n\t\t>\n\t\t\t<svg xmlns=\"http:\/\/www.w3.org\/2000\/svg\" width=\"12\" height=\"12\" fill=\"none\" viewbox=\"0 0 12 12\">\n\t\t\t\t<path fill=\"#fff\" d=\"M2 0a2 2 0 0 0-2 2v2h1.5V2a.5.5 0 0 1 .5-.5h2V0H2Zm2 10.5H2a.5.5 0 0 1-.5-.5V8H0v2a2 2 0 0 0 2 2h2v-1.5ZM8 12v-1.5h2a.5.5 0 0 0 .5-.5V8H12v2a2 2 0 0 1-2 2H8Zm2-12a2 2 0 0 1 2 2v2h-1.5V2a.5.5 0 0 0-.5-.5H8V0h2Z\" \/>\n\t\t\t<\/svg>\n\t\t<\/button><\/figure>\n\n\n\n<h2 class=\"wp-block-heading\"><strong>D\u00eda 2: <\/strong><strong>Naturaleza <\/strong><strong>y entorno<\/strong><\/h2>\n\n\n\n<p>El segundo d\u00eda es perfecto para descubrir el Lugo m\u00e1s natural. Su cintur\u00f3n verde, que forma parte de la Reserva de la Biosfera Terras do Mi\u00f1o, ofrece m\u00faltiples opciones para pasear y desconectar: rutas por el r\u00edo Mi\u00f1o, la senda del r\u00edo Mi\u00f1o, la senda del r\u00edo Rato o espacios donde la naturaleza y la ciudad conviven de forma arm\u00f3nica.<\/p>\n\n\n\n<p>Puedes acercarte al puente romano, pasear por las riberas o simplemente disfrutar de un ritmo m\u00e1s pausado. Si quieres ampliar la experiencia, la provincia abre la puerta a destinos como la Ribeira Sacra lucense, con vi\u00f1edos en bancales, miradores espectaculares y bodegas con degustaciones que permiten descubrir la esencia de la viticultura gallega.<\/p>\n\n\n\n<figure data-wp-context=\"{&quot;imageId&quot;:&quot;69ee040a9ed5d&quot;}\" data-wp-interactive=\"core\/image\" data-wp-key=\"69ee040a9ed5d\" class=\"wp-block-image size-large wp-lightbox-container\"><img decoding=\"async\" width=\"1024\" height=\"1024\" data-wp-class--hide=\"state.isContentHidden\" data-wp-class--show=\"state.isContentVisible\" data-wp-init=\"callbacks.setButtonStyles\" data-wp-on--click=\"actions.showLightbox\" data-wp-on--load=\"callbacks.setButtonStyles\" data-wp-on-window--resize=\"callbacks.setButtonStyles\" src=\"https:\/\/turismosostible.lugo.gal\/wp-content\/uploads\/2026\/02\/lugo_561-1-1024x1024.jpg\" alt=\"\" class=\"wp-image-2183\" srcset=\"https:\/\/turismosostible.lugo.gal\/wp-content\/uploads\/2026\/02\/lugo_561-1-1024x1024.jpg 1024w, https:\/\/turismosostible.lugo.gal\/wp-content\/uploads\/2026\/02\/lugo_561-1-300x300.jpg 300w, https:\/\/turismosostible.lugo.gal\/wp-content\/uploads\/2026\/02\/lugo_561-1-150x150.jpg 150w, https:\/\/turismosostible.lugo.gal\/wp-content\/uploads\/2026\/02\/lugo_561-1-768x768.jpg 768w, https:\/\/turismosostible.lugo.gal\/wp-content\/uploads\/2026\/02\/lugo_561-1-1536x1536.jpg 1536w, https:\/\/turismosostible.lugo.gal\/wp-content\/uploads\/2026\/02\/lugo_561-1-2048x2048.jpg 2048w, https:\/\/turismosostible.lugo.gal\/wp-content\/uploads\/2026\/02\/lugo_561-1-50x50.jpg 50w, https:\/\/turismosostible.lugo.gal\/wp-content\/uploads\/2026\/02\/lugo_561-1-268x268.jpg 268w, https:\/\/turismosostible.lugo.gal\/wp-content\/uploads\/2026\/02\/lugo_561-1-1120x1120.jpg 1120w, https:\/\/turismosostible.lugo.gal\/wp-content\/uploads\/2026\/02\/lugo_561-1-80x80.jpg 80w\" sizes=\"(max-width: 1024px) 100vw, 1024px\" \/><button\n\t\t\tclass=\"lightbox-trigger\"\n\t\t\ttype=\"button\"\n\t\t\taria-haspopup=\"dialog\"\n\t\t\taria-label=\"Agrandar\"\n\t\t\tdata-wp-init=\"callbacks.initTriggerButton\"\n\t\t\tdata-wp-on--click=\"actions.showLightbox\"\n\t\t\tdata-wp-style--right=\"state.imageButtonRight\"\n\t\t\tdata-wp-style--top=\"state.imageButtonTop\"\n\t\t>\n\t\t\t<svg xmlns=\"http:\/\/www.w3.org\/2000\/svg\" width=\"12\" height=\"12\" fill=\"none\" viewbox=\"0 0 12 12\">\n\t\t\t\t<path fill=\"#fff\" d=\"M2 0a2 2 0 0 0-2 2v2h1.5V2a.5.5 0 0 1 .5-.5h2V0H2Zm2 10.5H2a.5.5 0 0 1-.5-.5V8H0v2a2 2 0 0 0 2 2h2v-1.5ZM8 12v-1.5h2a.5.5 0 0 0 .5-.5V8H12v2a2 2 0 0 1-2 2H8Zm2-12a2 2 0 0 1 2 2v2h-1.5V2a.5.5 0 0 0-.5-.5H8V0h2Z\" \/>\n\t\t\t<\/svg>\n\t\t<\/button><\/figure>\n\n\n\n<div class=\"wp-block-buttons is-layout-flex wp-block-buttons-is-layout-flex\">\n<div class=\"wp-block-button\"><a class=\"wp-block-button__link wp-element-button\" href=\"https:\/\/turismosostible.lugo.gal\/es\/cinco-plans-para-a-tua-escapada-a-lugo-esta-primavera\/\">Cinco planes para tu escapada a Lugo esta primavera<\/a><\/div>\n<\/div>","protected":false},"excerpt":{"rendered":"<p>D\u00eda 1: Patrimonio e historia viva Comeza o teu&nbsp;percorrido&nbsp;na Muralla Romana, o gran s\u00edmbolo da cidade e declarada Patrimonio Mundial pola UNESCO. Constru\u00edda no [&hellip;]<\/p>\n","protected":false},"author":1,"featured_media":2164,"comment_status":"closed","ping_status":"open","sticky":false,"template":"","format":"standard","meta":{"_acf_changed":false,"footnotes":""},"categories":[28],"tags":[30,36,35,32,34,40,29,37,38,39,33,31],"class_list":["post-2442","post","type-post","status-publish","format-standard","has-post-thumbnail","hentry","category-et-edendo-lucus","tag-calidade","tag-destino-sostible","tag-enogastronomia","tag-experiencias","tag-gastronomia","tag-historia","tag-lugo","tag-natureza","tag-patrimonio","tag-sostibilidade","tag-turismo","tag-viaxes"],"acf":{"full_width":false,"header_transparent":false},"_links":{"self":[{"href":"https:\/\/turismosostible.lugo.gal\/es\/wp-json\/wp\/v2\/posts\/2442","targetHints":{"allow":["GET"]}}],"collection":[{"href":"https:\/\/turismosostible.lugo.gal\/es\/wp-json\/wp\/v2\/posts"}],"about":[{"href":"https:\/\/turismosostible.lugo.gal\/es\/wp-json\/wp\/v2\/types\/post"}],"author":[{"embeddable":true,"href":"https:\/\/turismosostible.lugo.gal\/es\/wp-json\/wp\/v2\/users\/1"}],"replies":[{"embeddable":true,"href":"https:\/\/turismosostible.lugo.gal\/es\/wp-json\/wp\/v2\/comments?post=2442"}],"version-history":[{"count":4,"href":"https:\/\/turismosostible.lugo.gal\/es\/wp-json\/wp\/v2\/posts\/2442\/revisions"}],"predecessor-version":[{"id":2542,"href":"https:\/\/turismosostible.lugo.gal\/es\/wp-json\/wp\/v2\/posts\/2442\/revisions\/2542"}],"wp:featuredmedia":[{"embeddable":true,"href":"https:\/\/turismosostible.lugo.gal\/es\/wp-json\/wp\/v2\/media\/2164"}],"wp:attachment":[{"href":"https:\/\/turismosostible.lugo.gal\/es\/wp-json\/wp\/v2\/media?parent=2442"}],"wp:term":[{"taxonomy":"category","embeddable":true,"href":"https:\/\/turismosostible.lugo.gal\/es\/wp-json\/wp\/v2\/categories?post=2442"},{"taxonomy":"post_tag","embeddable":true,"href":"https:\/\/turismosostible.lugo.gal\/es\/wp-json\/wp\/v2\/tags?post=2442"}],"curies":[{"name":"wp","href":"https:\/\/api.w.org\/{rel}","templated":true}]}}